{"id":762,"date":"2025-11-11T18:32:06","date_gmt":"2025-11-11T17:32:06","guid":{"rendered":"https:\/\/veraenderungsarchitekt.de\/coaching-mediation-beratung-berlin\/?p=762"},"modified":"2025-11-11T18:40:25","modified_gmt":"2025-11-11T17:40:25","slug":"harmonie-typ-konflikt-mediation-berlin","status":"publish","type":"post","link":"https:\/\/veraenderungsarchitekt.de\/coaching-mediation-beratung-berlin\/2025\/11\/11\/harmonie-typ-konflikt-mediation-berlin\/","title":{"rendered":"Ja, klar, kein Problem!&#8220; \u2013 Wenn Harmonie zum Konflikt-Verst\u00e4rker wird"},"content":{"rendered":"\n<p><em>Eine Geschichte aus meiner Mediationspraxis in Berlin<\/em><\/p>\n\n\n\n<p>Neulich sa\u00df ich mit einer F\u00fchrungskraft zusammen. Nennen wir sie Sarah. Sarah kam zu mir, weil ihr Team auseinanderfiel. \"Ich verstehe das nicht\", sagte sie. \"Ich mache doch alles, damit es allen gut geht. Ich sage ja zu allen Ideen, weil ich niemanden vor den Kopf sto\u00dfen will. Und trotzdem herrscht Chaos.\"<\/p>\n\n\n\n<p>Genau da liegt das Problem, denn Sarah ist eine klassische\u00a0<strong>Harmonie-Typ<\/strong>\u00a0\u2013 und damit ist sie in bester Gesellschaft. Als Mediator in Berlin begegne ich diesem Konfliktmuster regelm\u00e4\u00dfig.\u00a0<strong>Harmonie-Typ <\/strong>ist ein Thema, das gerade in der queeren Community viele Menschen betrifft, die diesen Konflikttyp perfektioniert haben. Warum? Weil wir gelernt haben, dass Unauff\u00e4lligkeit und Anpassung manchmal \u00fcberlebenswichtig sind. \"Nicht anecken\" war oft der sicherere Weg, da wir schon genug Konflikte in unserem Leben hatten und jetzt einfach nur Frieden wollen.<\/p>\n\n\n\n<p>Ja, und: Genau diese Strategie kann in Teams, Organisationen und Beziehungen zum echten Problem werden.<\/p>\n\n\n\n<h2 class=\"wp-block-heading\">Was ist der Harmonie-Typ? (Das Thomas-Kilmann-Modell kurz erkl\u00e4rt)<\/h2>\n\n\n\n<p>Das Thomas-Kilmann-Konfliktmodell beschreibt f\u00fcnf grundlegende Strategien, wie Menschen mit Konflikten umgehen. Der Harmonie-Typ \u2013 im Modell \"Accommodating\" oder \"Nachgiebig\" genannt \u2013 zeichnet sich durch eine&nbsp;<strong>hohe R\u00fccksicht auf andere bei geringer Durchsetzung eigener Interessen<\/strong>&nbsp;aus.<\/p>\n\n\n\n<p>Das klingt erst mal edel, oder? Selbstlos. Teamorientiert.<\/p>\n\n\n\n<p>Ja, und: Es ist komplizierter, als es scheint, denn diese Strategie hat auch ihre Schattenseiten.<\/p>\n\n\n\n<h2 class=\"wp-block-heading\">Was steckt hinter der Harmonie-Fassade?<\/h2>\n\n\n\n<p>Wenn ich in meiner Arbeit als Mediator in Berlin mit Harmonie-Typen zu tun habe, schaue ich immer genauer hin, denn hinter dem \"Ja, klar, machen wir so!\" stecken oft tiefere Bed\u00fcrfnisse und Gef\u00fchle, die erkannt werden wollen:<\/p>\n\n\n\n<h3 class=\"wp-block-heading\">Die Bed\u00fcrfnisse:<\/h3>\n\n\n\n<ul class=\"wp-block-list\">\n<li><strong>Harmonie<\/strong>\u00a0\u2013 logisch, denn der Name sagt's ja schon<\/li>\n\n\n\n<li><strong>Fairness<\/strong>\u00a0\u2013 weil allen Menschen im Team ein gutes Miteinander erm\u00f6glicht werden soll<\/li>\n\n\n\n<li><strong>Gemeinschaftlichkeit<\/strong>\u00a0\u2013 denn zusammen sind wir stark<\/li>\n\n\n\n<li><strong>Anerkennung<\/strong>\u00a0\u2013 da ich mich wertvoll f\u00fchle, wenn ich anderen helfen kann<\/li>\n<\/ul>\n\n\n\n<h3 class=\"wp-block-heading\">Die Gef\u00fchle:<\/h3>\n\n\n\n<ul class=\"wp-block-list\">\n<li><strong>\u00c4ngstlichkeit<\/strong>\u00a0\u2013 weil die Frage aufkommt: Was passiert, wenn ich Nein sage?<\/li>\n\n\n\n<li><strong>Ausgeglichenheit<\/strong>\u00a0\u2013 damit alle sich wohlf\u00fchlen k\u00f6nnen<\/li>\n\n\n\n<li><strong>Engagement<\/strong>\u00a0\u2013 da es mir ernst damit ist, zum Team beizutragen<\/li>\n\n\n\n<li><strong>Geborgenheit<\/strong>\u00a0\u2013 denn in Harmonie f\u00fchle ich mich sicher<\/li>\n<\/ul>\n\n\n\n<p>Das sind alles legitime, menschliche Bed\u00fcrfnisse. Niemand sollte sich daf\u00fcr sch\u00e4men, weil sie Teil unserer emotionalen Grundausstattung sind. Ja, und: Wir m\u00fcssen ehrlich sein \u00fcber die Konsequenzen, die entstehen, wenn diese Bed\u00fcrfnisse zu rigiden Verhaltensmustern f\u00fchren.<\/p>\n\n\n\n<h2 class=\"wp-block-heading\">Die versteckten Superkr\u00e4fte des Harmonie-Typs<\/h2>\n\n\n\n<p>Bevor wir zu den Problemen kommen \u2013 denn ja, die gibt es \u2013 will ich eins klarstellen:&nbsp;<strong>Harmonie-Typen sind die heimlichen Held*innen vieler Teams<\/strong>, weil sie Funktionen \u00fcbernehmen, die andere oft \u00fcbersehen.<\/p>\n\n\n\n<p>Ihre St\u00e4rken sind real und wertvoll:<\/p>\n\n\n\n<ul class=\"wp-block-list\">\n<li><strong>Sie kreieren Gemeinschaft<\/strong>, denn in toxischen, konfrontativen Umfeldern sind sie die Menschen, die den Laden zusammenhalten.<\/li>\n\n\n\n<li><strong>Ausgleich schaffen sie dort<\/strong>, wo alle nur ihre eigenen Interessen durchdr\u00fccken wollen, weil sie f\u00fcr Balance sorgen.<\/li>\n\n\n\n<li><strong>K\u00fcmmern geh\u00f6rt zu ihrer Natur<\/strong>\u00a0\u2013 um Menschen, um Details, um das Klima.<\/li>\n\n\n\n<li><strong>Als echte Team Player agieren sie<\/strong>\u00a0nicht aus Strategie, sondern aus \u00dcberzeugung.<\/li>\n\n\n\n<li><strong>Vertrauen bauen sie auf<\/strong>, da Menschen sp\u00fcren, dass ihnen ihr Wohlergehen am Herzen liegt.<\/li>\n<\/ul>\n\n\n\n<p>In meiner Zeit als Gesch\u00e4ftsf\u00fchrer im SchwuZ und in meiner Arbeit mit der Berliner Clubcommission habe ich erlebt, wie wichtig diese Menschen sind, weil sie oft den entscheidenden Unterschied machen. Gerade in der Kultur- und Kreativwirtschaft, wo Egos oft gro\u00df und Budgets klein sind, braucht es die Ausgleichenden, da sie Projekte am Laufen halten, wenn andere l\u00e4ngst aufgegeben h\u00e4tten.<\/p>\n\n\n\n<p>Ja, und: Ungenutzte St\u00e4rken k\u00f6nnen zu Schw\u00e4chen werden, sobald sie nicht mehr bewusst eingesetzt werden.<\/p>\n\n\n\n<h2 class=\"wp-block-heading\">Wo Harmonie toxisch wird<\/h2>\n\n\n\n<p>Jetzt kommt der unbequeme Teil. Der Teil, den viele Harmonie-Typen nicht h\u00f6ren wollen. Ich sage es trotzdem \u2013 direkt und pragmatisch, weil Ehrlichkeit die Grundlage jeder echten Ver\u00e4nderung ist:<\/p>\n\n\n\n<p><strong>Wenn du immer Ja sagst, sagst du irgendwann zu allem Ja. Auch zu Dingen, die falsch sind<\/strong>, denn die F\u00e4higkeit zur Unterscheidung geht verloren.<\/p>\n\n\n\n<h3 class=\"wp-block-heading\">Die Gefahren:<\/h3>\n\n\n\n<p><strong>1. Uneindeutigkeit und Unverbindlichkeit<\/strong><\/p>\n\n\n\n<p>\"Ja, klar, k\u00f6nnen wir machen\" bedeutet oft: \"Vielleicht, wenn es passt, schauen wir mal.\" Teams brauchen ja Klarheit, denn wenn niemand wei\u00df, wo du wirklich stehst, entsteht Chaos.<\/p>\n\n\n\n<p><strong>2. Das ber\u00fchmte \"Ja, aber...\"<\/strong><\/p>\n\n\n\n<p>Kennst du diese Meetings? Jemand stimmt allem zu \u2013 ja, und am Ende kommt dann: \"Ja, aber haben wir nicht letztes Mal gesagt...?\" oder \"Ja, aber ich bin mir nicht sicher, ob...\"<\/p>\n\n\n\n<p>Dieses Ja-aber am Schluss verhindert echte Kl\u00e4rung, weil es Konflikte im Schwebe-Zustand h\u00e4lt. Nichts wird entschieden, nichts wird gel\u00f6st, da der eigentliche Widerstand nie klar benannt wird.<\/p>\n\n\n\n<p><strong>3. Die Mobbing-Falle<\/strong><\/p>\n\n\n\n<p>Hier wird es hart: Harmonie-Typen werden \u00fcberdurchschnittlich oft Opfer von Mobbing. Warum? Weil sie keine klaren Grenzen setzen. Nachgeben wird zu ihrem Standardmuster, sodass andere lernen: \"Bei dem*der kann ich machen, was ich will.\"<\/p>\n\n\n\n<p>Ich habe das in queeren Kontexten besonders oft gesehen. Menschen, die ihr Leben lang gelernt haben, sich anzupassen, werden pl\u00f6tzlich im eigenen Safe Space ausgenutzt, obwohl gerade dort Sicherheit herrschen sollte. Das ist bitter. Ja, und: Es ist \u00e4nderbar, sobald die Muster erkannt und neue Verhaltensweisen einge\u00fcbt werden.<\/p>\n\n\n\n<h2 class=\"wp-block-heading\">Der queere Aspekt: Wenn Anpassung zur \u00dcberlebensstrategie wurde<\/h2>\n\n\n\n<p>Hier wird es pers\u00f6nlich. Viele queere Menschen \u2013 ich schlie\u00dfe mich da nicht aus \u2013 haben Harmonie-Verhalten als Schutzmechanismus entwickelt, denn bestimmte Leits\u00e4tze haben uns gepr\u00e4gt:<\/p>\n\n\n\n<p>\"Sei nicht zu laut\" war einer davon. Ein anderer lautete: \"Fall nicht auf.\" Oder auch: \"Mach keine Wellen.\" Und schlie\u00dflich: \"Es ist schon okay, ich pass mich an.\"<\/p>\n\n\n\n<p>Diese Strategien waren oft sinnvoll, da sie uns gesch\u00fctzt haben. Ja, und: In Arbeitsumfeldern, in denen wir eigentlich gleichberechtigt sein sollten, schaden sie uns manchmal mehr, als sie helfen.<\/p>\n\n\n\n<p>Ich erlebe das in meiner\u00a0<strong>Mediatios<\/strong>-Praxis immer wieder: Queere F\u00fchrungskr\u00e4fte, die brillant sind, ja, und die sich selbst klein machen, weil sie gelernt haben, dass Sichtbarkeit gef\u00e4hrlich sein kann. Die ihre Expertise herunterspielen, obwohl sie \u00fcber jahrelange Erfahrung verf\u00fcgen. Die \"Ja\" sagen, obwohl sie \"Nein\" meinen, da alte \u00dcberlebensstrategien noch immer aktiv sind.<\/p>\n\n\n\n<p>Das ist kein Vorwurf, sondern eine Realit\u00e4t, die wir anerkennen m\u00fcssen, um sie zu ver\u00e4ndern, denn nur durch Bewusstheit entsteht Wahlfreiheit.<\/p>\n\n\n\n<h2 class=\"wp-block-heading\">Wie ich dir helfe, deine Kraft zur\u00fcckzugewinnen<\/h2>\n\n\n\n<p>Als Mediator und Coach arbeite ich anders mit Harmonie-Typen als mit konfrontativen oder vermeidenden Typen, denn mein Ziel ist nicht, aus ihnen aggressive Durchsetzer*innen zu machen. Das w\u00e4re falsch, weil es ihre nat\u00fcrliche St\u00e4rke negieren w\u00fcrde. Ja, und: Ich will ihnen helfen, ihre Harmonie-Orientierung als St\u00e4rke zu nutzen, ohne sich selbst zu verlieren.\u00a0<strong>Mediation<\/strong>\u00a0bedeutet f\u00fcr mich, einen Raum zu schaffen, in dem diese Menschen lernen, ihre Bed\u00fcrfnisse klar zu kommunizieren.<\/p>\n\n\n\n<h3 class=\"wp-block-heading\">1. Bed\u00fcrfnisse sichtbar machen<\/h3>\n\n\n\n<p>In der Mediation frage ich Harmonie-Typen oft:&nbsp;<strong>\"Was brauchst DU eigentlich?\"<\/strong><\/p>\n\n\n\n<p>Diese Frage irritiert viele, da sie es gewohnt sind zu fragen: \"Was brauchen die anderen?\"<\/p>\n\n\n\n<p>Wir arbeiten daran, eigene Bed\u00fcrfnisse zu erkennen und zu artikulieren. Nicht aggressiv. Nicht fordernd. Ja, und: Klar und verbindlich, sodass echte Kl\u00e4rung m\u00f6glich wird.<\/p>\n\n\n\n<h3 class=\"wp-block-heading\">2. Gef\u00fchle validieren, Strategien hinterfragen<\/h3>\n\n\n\n<p>Die Gef\u00fchle hinter dem Harmonie-Verhalten \u2013 \u00c4ngstlichkeit, der Wunsch nach Geborgenheit \u2013 sind v\u00f6llig legitim. Ja, und: Die Strategien m\u00fcssen auf den Pr\u00fcfstand, weil sie nicht immer zum gew\u00fcnschten Ergebnis f\u00fchren.<\/p>\n\n\n\n<p>Ich frage dann: \"Du hast Angst, dass Konfrontation zu Ablehnung f\u00fchrt. Was, wenn genau dein Nachgeben zu Respektlosigkeit f\u00fchrt?\"<\/p>\n\n\n\n<p>Das ist manchmal hart zu h\u00f6ren, denn es konfrontiert mit einer unbequemen Wahrheit. Ja, und: Es ist notwendig, damit Ver\u00e4nderung m\u00f6glich wird.<\/p>\n\n\n\n<h3 class=\"wp-block-heading\">3. Neue Konfliktstrategien entwickeln<\/h3>\n\n\n\n<p>Harmonie muss nicht bedeuten, sich selbst aufzugeben, denn in der Mediation erarbeiten wir alternative Wege:<\/p>\n\n\n\n<ul class=\"wp-block-list\">\n<li><strong>Klare Kommunikation:<\/strong>\u00a0\"Ich unterst\u00fctze diese Richtung, ja, und ich brauche dabei X und Y ber\u00fccksichtigt, damit ich voll dahinterstehen kann.\"<\/li>\n\n\n\n<li><strong>Konstruktives Nein:<\/strong>\u00a0\"Das kann ich nicht mittragen, weil es meinen Werten widerspricht. Lass uns gemeinsam eine Alternative finden.\"<\/li>\n\n\n\n<li><strong>Grenzen mit Empathie:<\/strong>\u00a0\"Ich verstehe deine Position, ja, und hier ist meine Grenze, sodass wir beide respektvoll miteinander umgehen k\u00f6nnen.\"<\/li>\n<\/ul>\n\n\n\n<p>Das ist keine Manipulation, sondern&nbsp;<strong>ehrliche Kommunikation im Sinne der Gewaltfreien Kommunikation nach Rosenberg.<\/strong><\/p>\n\n\n\n<h3 class=\"wp-block-heading\">4. Den Raum halten f\u00fcr authentische Harmonie<\/h3>\n\n\n\n<p>Hier liegt meine eigentliche Arbeit: Einen Raum zu schaffen, in dem Harmonie-Typen ihre St\u00e4rken einbringen k\u00f6nnen,&nbsp;<strong>ohne sich selbst zu verleugnen<\/strong>, weil das auf lange Sicht weder der Person noch dem Team dient.<\/p>\n\n\n\n<p>Das bedeutet konkret:<\/p>\n\n\n\n<ul class=\"wp-block-list\">\n<li><strong>Teams sensibilisieren:<\/strong>\u00a0Andere m\u00fcssen verstehen, dass Nachgiebigkeit nicht Schw\u00e4che ist, sondern eine bewusste Wahl sein kann.<\/li>\n\n\n\n<li><strong>Strukturen schaffen:<\/strong>\u00a0Klare Entscheidungsprozesse etablieren, damit \"Ja\" auch wirklich Ja bedeutet und nicht \"Vielleicht\".<\/li>\n\n\n\n<li><strong>Feedback-Kulturen etablieren:<\/strong>\u00a0Sodass Harmonie-Typen lernen, dass Widerspruch nicht zu Ablehnung f\u00fchrt, sondern zu besseren L\u00f6sungen.<\/li>\n<\/ul>\n\n\n\n<h2 class=\"wp-block-heading\">Praxis-Tipps f\u00fcr Harmonie-Typen (und die, die mit ihnen arbeiten)<\/h2>\n\n\n\n<h3 class=\"wp-block-heading\">Wenn du selbst ein Harmonie-Typ bist:<\/h3>\n\n\n\n<ol class=\"wp-block-list\">\n<li><strong>\u00dcbe Mini-Neins.<\/strong>\u00a0Fang klein an, indem du unwichtige Bitten ablehnst. Trainiere das Gef\u00fchl, damit es selbstverst\u00e4ndlicher wird.<\/li>\n\n\n\n<li><strong>Sprich deine Bed\u00fcrfnisse laut aus.<\/strong>\u00a0Vor dem Spiegel. Zu Freund*innen. Im Coaching. Je \u00f6fter du es tust, desto selbstverst\u00e4ndlicher wird es, weil dein Gehirn neue neuronale Bahnen bildet.<\/li>\n\n\n\n<li><strong>Erkenne dein \"Ja, aber\" rechtzeitig.<\/strong>\u00a0Wenn du merkst, dass du zustimmst, ja, und innerlich Vorbehalte hast: STOPP. Sag stattdessen: \"Ich brauche einen Moment, um dar\u00fcber nachzudenken\", damit du nicht reflexartig zustimmst.<\/li>\n\n\n\n<li><strong>Such dir Verb\u00fcndete.<\/strong>\u00a0Menschen, die deine Harmonie-Orientierung sch\u00e4tzen, ja, und die dich darin unterst\u00fctzen, klarer zu werden, ohne dich zu verurteilen.<\/li>\n\n\n\n<li><strong>Hol dir professionelle Unterst\u00fctzung.<\/strong>\u00a0Mediation oder Coaching k\u00f6nnen Gamechanger sein, weil sie dir einen gesch\u00fctzten Raum bieten, neue Verhaltensweisen zu erproben.<\/li>\n<\/ol>\n\n\n\n<h3 class=\"wp-block-heading\">Wenn du mit Harmonie-Typen arbeitest (als F\u00fchrungskraft):<\/h3>\n\n\n\n<ol class=\"wp-block-list\">\n<li><strong>Frag nach.<\/strong>\u00a0\"Du sagst Ja. Meinst du das auch?\" Gib Raum f\u00fcr ehrliche Antworten, denn nur so erf\u00e4hrst du die Wahrheit.<\/li>\n\n\n\n<li><strong>Sch\u00e4tz ihre St\u00e4rken.<\/strong>\u00a0Sag ihnen, dass ihr Ausgleich-Schaffen wertvoll ist. Ja, und: fordere Klarheit ein, weil beides zusammen erst echte Wirkung entfaltet.<\/li>\n\n\n\n<li><strong>Setz keine Ja-oder-Nein-Fallen.<\/strong>\u00a0Biete Alternativen an: \"Was br\u00e4uchtest du, um hier voll dabei zu sein?\", sodass echte Beteiligung m\u00f6glich wird.<\/li>\n\n\n\n<li><strong>Sch\u00fctze sie vor Ausbeutung.<\/strong>\u00a0Achte darauf, dass andere ihre Nachgiebigkeit nicht ausnutzen, denn das ist deine Verantwortung als F\u00fchrungskraft.<\/li>\n\n\n\n<li><strong>Schaff Strukturen f\u00fcr konstruktiven Dissens.<\/strong>\u00a0Damit Widerspruch zur Normalit\u00e4t wird und niemand Angst haben muss, seine Meinung zu \u00e4u\u00dfern.<\/li>\n<\/ol>\n\n\n\n<h2 class=\"wp-block-heading\">Warum Berlin der perfekte Ort f\u00fcr diese Arbeit ist<\/h2>\n\n\n\n<p>Berlin ist eine Stadt der Widerspr\u00fcche. Rau und herzlich. Direkt und kreativ. Queer und konservativ. Hier prallen Welten aufeinander \u2013 ja, und genau deshalb ist Berlin der ideale Ort f\u00fcr Mediation, denn wo Unterschiede aufeinandertreffen, braucht es Menschen, die Br\u00fccken bauen k\u00f6nnen.<\/p>\n\n\n\n<p>In meiner Arbeit als\u00a0<strong>Mediator<\/strong> sehe ich t\u00e4glich, wie unterschiedlich Menschen Konflikte erleben. Die Kulturszene mit ihren kreativen K\u00f6pfen, die Start-up-Welt mit ihrem Tempo, queere Communities mit ihrer Vielfalt, Genossenschaften wie die VOLLGUT oder \"mit Freude\" mit ihren demokratischen Strukturen \u2013 \u00fcberall gibt es Harmonie-Typen, die ihre St\u00e4rke noch nicht voll nutzen, weil ihnen die richtigen Werkzeuge fehlen.<\/p>\n\n\n\n<p>Ja, und: \u00dcberall gibt es die M\u00f6glichkeit zur Ver\u00e4nderung, sobald der erste Schritt gemacht wird.<\/p>\n\n\n\n<h2 class=\"wp-block-heading\">Fazit: Harmonie ist eine Superkraft \u2013 wenn sie bewusst eingesetzt wird<\/h2>\n\n\n\n<p>Lass mich klar sein:&nbsp;<strong>Harmonie-Orientierung ist keine Schw\u00e4che.<\/strong>&nbsp;Sie ist eine St\u00e4rke, die unsere Gesellschaft dringend braucht, weil in Zeiten von Polarisierung und Konfrontation Menschen, die Br\u00fccken bauen, unverzichtbar sind.<\/p>\n\n\n\n<p>Ja, und: Diese St\u00e4rke darf nicht zur Selbstaufgabe f\u00fchren, denn dann verliert sie ihre positive Wirkung.<\/p>\n\n\n\n<p>Wenn du erkennst, dass dein Harmonie-Verhalten dir schadet \u2013 wenn du merkst, dass du dich verlierst, \u00fcbergangen wirst, innerlich ersch\u00f6pft bist \u2013, dann ist es Zeit f\u00fcr Ver\u00e4nderung, weil du mehr verdienst als das.<\/p>\n\n\n\n<p>Nicht weg von der Harmonie. Hin zu einer&nbsp;<strong>bewussten, selbstbestimmten Harmonie<\/strong>, die sowohl dir als auch anderen dient.<\/p>\n\n\n\n<h2 class=\"wp-block-heading\">Lass uns reden \u2013 kostenlos und unverbindlich<\/h2>\n\n\n\n<p>Du erkennst dich in diesem Beitrag wieder? Oder du f\u00fchrst Menschen, die dieses Muster zeigen? Vielleicht steckst du gerade in einem Konflikt, in dem Harmonie mehr schadet als hilft?<\/p>\n\n\n\n<p>Dann lass uns sprechen.&nbsp;<strong>Kostenlos und unverbindlich<\/strong>, denn bevor wir \u00fcber Zusammenarbeit reden, muss klar sein, ob ich dir \u00fcberhaupt helfen kann.<\/p>\n\n\n\n<p>In einem ersten Gespr\u00e4ch schauen wir gemeinsam, wo du stehst, was du brauchst und wie ich dich unterst\u00fctzen kann \u2013 sei es durch Mediation, Coaching oder Organisationsberatung. Ich verkaufe dir nichts, sondern ich h\u00f6re zu. Ich stelle Fragen. Ja, und: Ich helfe dir herauszufinden, welcher Weg f\u00fcr dich der richtige ist, weil echte Ver\u00e4nderung nur dann passiert, wenn sie zu dir passt.<\/p>\n\n\n\n<p><strong>Hier geht's zum kostenlosen Erstgespr\u00e4ch<\/strong>: <a href=\"https:\/\/veraenderungsarchitekt.de\/coaching-mediation-beratung-berlin\/kontakt\/\">Kontakt<\/a><\/p>\n\n\n\n<p>Denn echte Harmonie entsteht nicht durch Anpassung. Sondern durch ehrliche Begegnung.<\/p>\n","protected":false},"excerpt":{"rendered":"<p>Eine Geschichte aus meiner Mediationspraxis in Berlin Neulich sa\u00df ich mit einer F\u00fchrungskraft zusammen. Nennen wir sie Sarah. Sarah kam zu mir, weil ihr Team auseinanderfiel. &#8222;Ich verstehe das nicht&#8220;, sagte sie. &#8222;Ich mache doch alles, damit es allen gut geht. Ich sage ja zu allen Ideen, weil ich niemanden vor den Kopf sto\u00dfen will. [&hellip;]<\/p>\n","protected":false},"author":1,"featured_media":764,"comment_status":"closed","ping_status":"closed","sticky":false,"template":"","format":"standard","meta":{"footnotes":""},"categories":[8],"tags":[15,12,16,21,13,14,9,10,17,11,18,19,20],"class_list":["post-762","post","type-post","status-publish","format-standard","has-post-thumbnail","hentry","category-gedanken-aus-der-praxis","tag-accommodating-style","tag-coaching-berlin","tag-gewaltfreie-kommunikation","tag-harmonie-im-team","tag-konfliktloesung","tag-konfliktmanagement","tag-konflikttypen","tag-mediation-berlin","tag-nachgiebiger-konflikttyp","tag-organisationsberatung","tag-queere-fuehrung","tag-teamdynamik","tag-thomas-kilmann-modell"],"yoast_head":"<!-- This site is optimized with the Yoast SEO plugin v27.4 - https:\/\/yoast.com\/product\/yoast-seo-wordpress\/ -->\n<title>Harmonie-Typ Mediation Berlin | Konfliktl\u00f6sung<\/title>\n<meta name=\"description\" content=\"Harmonie-Typ Mediation Berlin: Wie diese Konflikt-Strategie zur Falle wird &amp; wie du sie bewusst nutzt. Unverbl\u00fcmt &amp; queer-sensibel.\" \/>\n<meta name=\"robots\" content=\"index, follow, max-snippet:-1, max-image-preview:large, max-video-preview:-1\" \/>\n<link rel=\"canonical\" href=\"https:\/\/veraenderungsarchitekt.de\/coaching-mediation-beratung-berlin\/2025\/11\/11\/harmonie-typ-konflikt-mediation-berlin\/\" \/>\n<meta property=\"og:locale\" content=\"de_DE\" \/>\n<meta property=\"og:type\" content=\"article\" \/>\n<meta property=\"og:title\" content=\"Harmonie-Typ Mediation Berlin | Konfliktl\u00f6sung\" \/>\n<meta property=\"og:description\" content=\"Harmonie-Typ Mediation Berlin: Wie diese Konflikt-Strategie zur Falle wird &amp; wie du sie bewusst nutzt. Unverbl\u00fcmt &amp; queer-sensibel.\" \/>\n<meta property=\"og:url\" content=\"https:\/\/veraenderungsarchitekt.de\/coaching-mediation-beratung-berlin\/2025\/11\/11\/harmonie-typ-konflikt-mediation-berlin\/\" \/>\n<meta property=\"og:site_name\" content=\"Marcel Weber - Ver\u00e4nderungsarchitekt\" \/>\n<meta property=\"article:published_time\" content=\"2025-11-11T17:32:06+00:00\" \/>\n<meta property=\"article:modified_time\" content=\"2025-11-11T17:40:25+00:00\" \/>\n<meta property=\"og:image\" content=\"https:\/\/veraenderungsarchitekt.de\/wp-content\/uploads\/2025\/11\/pexels-yankrukov-7640830-scaled.jpg\" \/>\n\t<meta property=\"og:image:width\" content=\"2560\" \/>\n\t<meta property=\"og:image:height\" content=\"1707\" \/>\n\t<meta property=\"og:image:type\" content=\"image\/jpeg\" \/>\n<meta name=\"author\" content=\"marcel.weber\" \/>\n<meta name=\"twitter:card\" content=\"summary_large_image\" \/>\n<meta name=\"twitter:label1\" content=\"Verfasst von\" \/>\n\t<meta name=\"twitter:data1\" content=\"marcel.weber\" \/>\n\t<meta name=\"twitter:label2\" content=\"Gesch\u00e4tzte Lesezeit\" \/>\n\t<meta name=\"twitter:data2\" content=\"12\u00a0Minuten\" \/>\n<script type=\"application\/ld+json\" class=\"yoast-schema-graph\">{\"@context\":\"https:\\\/\\\/schema.org\",\"@graph\":[{\"@type\":\"Article\",\"@id\":\"https:\\\/\\\/veraenderungsarchitekt.de\\\/coaching-mediation-beratung-berlin\\\/2025\\\/11\\\/11\\\/harmonie-typ-konflikt-mediation-berlin\\\/#article\",\"isPartOf\":{\"@id\":\"https:\\\/\\\/veraenderungsarchitekt.de\\\/coaching-mediation-beratung-berlin\\\/2025\\\/11\\\/11\\\/harmonie-typ-konflikt-mediation-berlin\\\/\"},\"author\":{\"name\":\"marcel.weber\",\"@id\":\"https:\\\/\\\/veraenderungsarchitekt.de\\\/coaching-mediation-beratung-berlin\\\/#\\\/schema\\\/person\\\/3367fb4e0d598e5715b0925c66cfb0ed\"},\"headline\":\"Ja, klar, kein Problem!&#8220; \u2013 Wenn Harmonie zum Konflikt-Verst\u00e4rker wird\",\"datePublished\":\"2025-11-11T17:32:06+00:00\",\"dateModified\":\"2025-11-11T17:40:25+00:00\",\"mainEntityOfPage\":{\"@id\":\"https:\\\/\\\/veraenderungsarchitekt.de\\\/coaching-mediation-beratung-berlin\\\/2025\\\/11\\\/11\\\/harmonie-typ-konflikt-mediation-berlin\\\/\"},\"wordCount\":2109,\"publisher\":{\"@id\":\"https:\\\/\\\/veraenderungsarchitekt.de\\\/coaching-mediation-beratung-berlin\\\/#organization\"},\"image\":{\"@id\":\"https:\\\/\\\/veraenderungsarchitekt.de\\\/coaching-mediation-beratung-berlin\\\/2025\\\/11\\\/11\\\/harmonie-typ-konflikt-mediation-berlin\\\/#primaryimage\"},\"thumbnailUrl\":\"https:\\\/\\\/veraenderungsarchitekt.de\\\/wp-content\\\/uploads\\\/2025\\\/11\\\/pexels-yankrukov-7640830-scaled.jpg\",\"keywords\":[\"Accommodating Style\",\"Coaching Berlin\",\"Gewaltfreie Kommunikation\",\"Harmonie im Team\",\"Konfliktl\u00f6sung\",\"Konfliktmanagement\",\"Konflikttypen\",\"Mediation Berlin\",\"Nachgiebiger Konflikttyp\",\"Organisationsberatung\",\"Queere F\u00fchrung\",\"Teamdynamik\",\"Thomas-Kilmann-Modell\"],\"articleSection\":[\"Gedanken aus der Praxis\"],\"inLanguage\":\"de\"},{\"@type\":\"WebPage\",\"@id\":\"https:\\\/\\\/veraenderungsarchitekt.de\\\/coaching-mediation-beratung-berlin\\\/2025\\\/11\\\/11\\\/harmonie-typ-konflikt-mediation-berlin\\\/\",\"url\":\"https:\\\/\\\/veraenderungsarchitekt.de\\\/coaching-mediation-beratung-berlin\\\/2025\\\/11\\\/11\\\/harmonie-typ-konflikt-mediation-berlin\\\/\",\"name\":\"Harmonie-Typ Mediation Berlin | Konfliktl\u00f6sung\",\"isPartOf\":{\"@id\":\"https:\\\/\\\/veraenderungsarchitekt.de\\\/coaching-mediation-beratung-berlin\\\/#website\"},\"primaryImageOfPage\":{\"@id\":\"https:\\\/\\\/veraenderungsarchitekt.de\\\/coaching-mediation-beratung-berlin\\\/2025\\\/11\\\/11\\\/harmonie-typ-konflikt-mediation-berlin\\\/#primaryimage\"},\"image\":{\"@id\":\"https:\\\/\\\/veraenderungsarchitekt.de\\\/coaching-mediation-beratung-berlin\\\/2025\\\/11\\\/11\\\/harmonie-typ-konflikt-mediation-berlin\\\/#primaryimage\"},\"thumbnailUrl\":\"https:\\\/\\\/veraenderungsarchitekt.de\\\/wp-content\\\/uploads\\\/2025\\\/11\\\/pexels-yankrukov-7640830-scaled.jpg\",\"datePublished\":\"2025-11-11T17:32:06+00:00\",\"dateModified\":\"2025-11-11T17:40:25+00:00\",\"description\":\"Harmonie-Typ Mediation Berlin: Wie diese Konflikt-Strategie zur Falle wird & wie du sie bewusst nutzt. Unverbl\u00fcmt & queer-sensibel.\",\"breadcrumb\":{\"@id\":\"https:\\\/\\\/veraenderungsarchitekt.de\\\/coaching-mediation-beratung-berlin\\\/2025\\\/11\\\/11\\\/harmonie-typ-konflikt-mediation-berlin\\\/#breadcrumb\"},\"inLanguage\":\"de\",\"potentialAction\":[{\"@type\":\"ReadAction\",\"target\":[\"https:\\\/\\\/veraenderungsarchitekt.de\\\/coaching-mediation-beratung-berlin\\\/2025\\\/11\\\/11\\\/harmonie-typ-konflikt-mediation-berlin\\\/\"]}]},{\"@type\":\"ImageObject\",\"inLanguage\":\"de\",\"@id\":\"https:\\\/\\\/veraenderungsarchitekt.de\\\/coaching-mediation-beratung-berlin\\\/2025\\\/11\\\/11\\\/harmonie-typ-konflikt-mediation-berlin\\\/#primaryimage\",\"url\":\"https:\\\/\\\/veraenderungsarchitekt.de\\\/wp-content\\\/uploads\\\/2025\\\/11\\\/pexels-yankrukov-7640830-scaled.jpg\",\"contentUrl\":\"https:\\\/\\\/veraenderungsarchitekt.de\\\/wp-content\\\/uploads\\\/2025\\\/11\\\/pexels-yankrukov-7640830-scaled.jpg\",\"width\":2560,\"height\":1707,\"caption\":\"Person steht zwischen zwei Gruppen und vermittelt - Symbolbild f\u00fcr Harmonie-Typ in der Mediation Berlin\"},{\"@type\":\"BreadcrumbList\",\"@id\":\"https:\\\/\\\/veraenderungsarchitekt.de\\\/coaching-mediation-beratung-berlin\\\/2025\\\/11\\\/11\\\/harmonie-typ-konflikt-mediation-berlin\\\/#breadcrumb\",\"itemListElement\":[{\"@type\":\"ListItem\",\"position\":1,\"name\":\"Startseite\",\"item\":\"https:\\\/\\\/veraenderungsarchitekt.de\\\/coaching-mediation-beratung-berlin\\\/\"},{\"@type\":\"ListItem\",\"position\":2,\"name\":\"Ja, klar, kein Problem!&#8220; \u2013 Wenn Harmonie zum Konflikt-Verst\u00e4rker wird\"}]},{\"@type\":\"WebSite\",\"@id\":\"https:\\\/\\\/veraenderungsarchitekt.de\\\/coaching-mediation-beratung-berlin\\\/#website\",\"url\":\"https:\\\/\\\/veraenderungsarchitekt.de\\\/coaching-mediation-beratung-berlin\\\/\",\"name\":\"Marcel Weber - Ver\u00e4nderungsarchitekt\",\"description\":\"Coaching, Mediation, Beratung, Workshops &amp; Trainings in Berlin\",\"publisher\":{\"@id\":\"https:\\\/\\\/veraenderungsarchitekt.de\\\/coaching-mediation-beratung-berlin\\\/#organization\"},\"alternateName\":\"Ver\u00e4nderungsarchitekt\",\"potentialAction\":[{\"@type\":\"SearchAction\",\"target\":{\"@type\":\"EntryPoint\",\"urlTemplate\":\"https:\\\/\\\/veraenderungsarchitekt.de\\\/coaching-mediation-beratung-berlin\\\/?s={search_term_string}\"},\"query-input\":{\"@type\":\"PropertyValueSpecification\",\"valueRequired\":true,\"valueName\":\"search_term_string\"}}],\"inLanguage\":\"de\"},{\"@type\":\"Organization\",\"@id\":\"https:\\\/\\\/veraenderungsarchitekt.de\\\/coaching-mediation-beratung-berlin\\\/#organization\",\"name\":\"Marcel Weber - Ver\u00e4nderungsarchitekt\",\"url\":\"https:\\\/\\\/veraenderungsarchitekt.de\\\/coaching-mediation-beratung-berlin\\\/\",\"logo\":{\"@type\":\"ImageObject\",\"inLanguage\":\"de\",\"@id\":\"https:\\\/\\\/veraenderungsarchitekt.de\\\/coaching-mediation-beratung-berlin\\\/#\\\/schema\\\/logo\\\/image\\\/\",\"url\":\"https:\\\/\\\/veraenderungsarchitekt.de\\\/wp-content\\\/uploads\\\/2025\\\/09\\\/logo_web.avif\",\"contentUrl\":\"https:\\\/\\\/veraenderungsarchitekt.de\\\/wp-content\\\/uploads\\\/2025\\\/09\\\/logo_web.avif\",\"width\":512,\"height\":512,\"caption\":\"Marcel Weber - Ver\u00e4nderungsarchitekt\"},\"image\":{\"@id\":\"https:\\\/\\\/veraenderungsarchitekt.de\\\/coaching-mediation-beratung-berlin\\\/#\\\/schema\\\/logo\\\/image\\\/\"},\"sameAs\":[\"https:\\\/\\\/www.linkedin.com\\\/in\\\/marcel-weber-berlin\\\/\",\"https:\\\/\\\/www.instagram.com\\\/veraenderungsarchitekt\\\/\",\"https:\\\/\\\/www.tiktok.com\\\/@veraenderungsarchitekt\"]},{\"@type\":\"Person\",\"@id\":\"https:\\\/\\\/veraenderungsarchitekt.de\\\/coaching-mediation-beratung-berlin\\\/#\\\/schema\\\/person\\\/3367fb4e0d598e5715b0925c66cfb0ed\",\"name\":\"marcel.weber\",\"image\":{\"@type\":\"ImageObject\",\"inLanguage\":\"de\",\"@id\":\"https:\\\/\\\/secure.gravatar.com\\\/avatar\\\/a78c98f518cea7ebc4731edfc9b0a20fd2be987e7deb3ad5a5b387fe96d8a4e7?s=96&d=mm&r=g\",\"url\":\"https:\\\/\\\/secure.gravatar.com\\\/avatar\\\/a78c98f518cea7ebc4731edfc9b0a20fd2be987e7deb3ad5a5b387fe96d8a4e7?s=96&d=mm&r=g\",\"contentUrl\":\"https:\\\/\\\/secure.gravatar.com\\\/avatar\\\/a78c98f518cea7ebc4731edfc9b0a20fd2be987e7deb3ad5a5b387fe96d8a4e7?s=96&d=mm&r=g\",\"caption\":\"marcel.weber\"},\"sameAs\":[\"https:\\\/\\\/veraenderungsarchitekt.de\"],\"url\":\"https:\\\/\\\/veraenderungsarchitekt.de\\\/coaching-mediation-beratung-berlin\\\/author\\\/marcel-weber\\\/\"}]}<\/script>\n<!-- \/ Yoast SEO plugin. -->","yoast_head_json":{"title":"Harmonie-Typ Mediation Berlin | Konfliktl\u00f6sung","description":"Harmonie-Typ Mediation Berlin: Wie diese Konflikt-Strategie zur Falle wird & wie du sie bewusst nutzt. Unverbl\u00fcmt & queer-sensibel.","robots":{"index":"index","follow":"follow","max-snippet":"max-snippet:-1","max-image-preview":"max-image-preview:large","max-video-preview":"max-video-preview:-1"},"canonical":"https:\/\/veraenderungsarchitekt.de\/coaching-mediation-beratung-berlin\/2025\/11\/11\/harmonie-typ-konflikt-mediation-berlin\/","og_locale":"de_DE","og_type":"article","og_title":"Harmonie-Typ Mediation Berlin | Konfliktl\u00f6sung","og_description":"Harmonie-Typ Mediation Berlin: Wie diese Konflikt-Strategie zur Falle wird & wie du sie bewusst nutzt. Unverbl\u00fcmt & queer-sensibel.","og_url":"https:\/\/veraenderungsarchitekt.de\/coaching-mediation-beratung-berlin\/2025\/11\/11\/harmonie-typ-konflikt-mediation-berlin\/","og_site_name":"Marcel Weber - Ver\u00e4nderungsarchitekt","article_published_time":"2025-11-11T17:32:06+00:00","article_modified_time":"2025-11-11T17:40:25+00:00","og_image":[{"width":2560,"height":1707,"url":"https:\/\/veraenderungsarchitekt.de\/wp-content\/uploads\/2025\/11\/pexels-yankrukov-7640830-scaled.jpg","type":"image\/jpeg"}],"author":"marcel.weber","twitter_card":"summary_large_image","twitter_misc":{"Verfasst von":"marcel.weber","Gesch\u00e4tzte Lesezeit":"12\u00a0Minuten"},"schema":{"@context":"https:\/\/schema.org","@graph":[{"@type":"Article","@id":"https:\/\/veraenderungsarchitekt.de\/coaching-mediation-beratung-berlin\/2025\/11\/11\/harmonie-typ-konflikt-mediation-berlin\/#article","isPartOf":{"@id":"https:\/\/veraenderungsarchitekt.de\/coaching-mediation-beratung-berlin\/2025\/11\/11\/harmonie-typ-konflikt-mediation-berlin\/"},"author":{"name":"marcel.weber","@id":"https:\/\/veraenderungsarchitekt.de\/coaching-mediation-beratung-berlin\/#\/schema\/person\/3367fb4e0d598e5715b0925c66cfb0ed"},"headline":"Ja, klar, kein Problem!&#8220; \u2013 Wenn Harmonie zum Konflikt-Verst\u00e4rker wird","datePublished":"2025-11-11T17:32:06+00:00","dateModified":"2025-11-11T17:40:25+00:00","mainEntityOfPage":{"@id":"https:\/\/veraenderungsarchitekt.de\/coaching-mediation-beratung-berlin\/2025\/11\/11\/harmonie-typ-konflikt-mediation-berlin\/"},"wordCount":2109,"publisher":{"@id":"https:\/\/veraenderungsarchitekt.de\/coaching-mediation-beratung-berlin\/#organization"},"image":{"@id":"https:\/\/veraenderungsarchitekt.de\/coaching-mediation-beratung-berlin\/2025\/11\/11\/harmonie-typ-konflikt-mediation-berlin\/#primaryimage"},"thumbnailUrl":"https:\/\/veraenderungsarchitekt.de\/wp-content\/uploads\/2025\/11\/pexels-yankrukov-7640830-scaled.jpg","keywords":["Accommodating Style","Coaching Berlin","Gewaltfreie Kommunikation","Harmonie im Team","Konfliktl\u00f6sung","Konfliktmanagement","Konflikttypen","Mediation Berlin","Nachgiebiger Konflikttyp","Organisationsberatung","Queere F\u00fchrung","Teamdynamik","Thomas-Kilmann-Modell"],"articleSection":["Gedanken aus der Praxis"],"inLanguage":"de"},{"@type":"WebPage","@id":"https:\/\/veraenderungsarchitekt.de\/coaching-mediation-beratung-berlin\/2025\/11\/11\/harmonie-typ-konflikt-mediation-berlin\/","url":"https:\/\/veraenderungsarchitekt.de\/coaching-mediation-beratung-berlin\/2025\/11\/11\/harmonie-typ-konflikt-mediation-berlin\/","name":"Harmonie-Typ Mediation Berlin | Konfliktl\u00f6sung","isPartOf":{"@id":"https:\/\/veraenderungsarchitekt.de\/coaching-mediation-beratung-berlin\/#website"},"primaryImageOfPage":{"@id":"https:\/\/veraenderungsarchitekt.de\/coaching-mediation-beratung-berlin\/2025\/11\/11\/harmonie-typ-konflikt-mediation-berlin\/#primaryimage"},"image":{"@id":"https:\/\/veraenderungsarchitekt.de\/coaching-mediation-beratung-berlin\/2025\/11\/11\/harmonie-typ-konflikt-mediation-berlin\/#primaryimage"},"thumbnailUrl":"https:\/\/veraenderungsarchitekt.de\/wp-content\/uploads\/2025\/11\/pexels-yankrukov-7640830-scaled.jpg","datePublished":"2025-11-11T17:32:06+00:00","dateModified":"2025-11-11T17:40:25+00:00","description":"Harmonie-Typ Mediation Berlin: Wie diese Konflikt-Strategie zur Falle wird & wie du sie bewusst nutzt. Unverbl\u00fcmt & queer-sensibel.","breadcrumb":{"@id":"https:\/\/veraenderungsarchitekt.de\/coaching-mediation-beratung-berlin\/2025\/11\/11\/harmonie-typ-konflikt-mediation-berlin\/#breadcrumb"},"inLanguage":"de","potentialAction":[{"@type":"ReadAction","target":["https:\/\/veraenderungsarchitekt.de\/coaching-mediation-beratung-berlin\/2025\/11\/11\/harmonie-typ-konflikt-mediation-berlin\/"]}]},{"@type":"ImageObject","inLanguage":"de","@id":"https:\/\/veraenderungsarchitekt.de\/coaching-mediation-beratung-berlin\/2025\/11\/11\/harmonie-typ-konflikt-mediation-berlin\/#primaryimage","url":"https:\/\/veraenderungsarchitekt.de\/wp-content\/uploads\/2025\/11\/pexels-yankrukov-7640830-scaled.jpg","contentUrl":"https:\/\/veraenderungsarchitekt.de\/wp-content\/uploads\/2025\/11\/pexels-yankrukov-7640830-scaled.jpg","width":2560,"height":1707,"caption":"Person steht zwischen zwei Gruppen und vermittelt - Symbolbild f\u00fcr Harmonie-Typ in der Mediation Berlin"},{"@type":"BreadcrumbList","@id":"https:\/\/veraenderungsarchitekt.de\/coaching-mediation-beratung-berlin\/2025\/11\/11\/harmonie-typ-konflikt-mediation-berlin\/#breadcrumb","itemListElement":[{"@type":"ListItem","position":1,"name":"Startseite","item":"https:\/\/veraenderungsarchitekt.de\/coaching-mediation-beratung-berlin\/"},{"@type":"ListItem","position":2,"name":"Ja, klar, kein Problem!&#8220; \u2013 Wenn Harmonie zum Konflikt-Verst\u00e4rker wird"}]},{"@type":"WebSite","@id":"https:\/\/veraenderungsarchitekt.de\/coaching-mediation-beratung-berlin\/#website","url":"https:\/\/veraenderungsarchitekt.de\/coaching-mediation-beratung-berlin\/","name":"Marcel Weber - Ver\u00e4nderungsarchitekt","description":"Coaching, Mediation, Beratung, Workshops &amp; Trainings in Berlin","publisher":{"@id":"https:\/\/veraenderungsarchitekt.de\/coaching-mediation-beratung-berlin\/#organization"},"alternateName":"Ver\u00e4nderungsarchitekt","potentialAction":[{"@type":"SearchAction","target":{"@type":"EntryPoint","urlTemplate":"https:\/\/veraenderungsarchitekt.de\/coaching-mediation-beratung-berlin\/?s={search_term_string}"},"query-input":{"@type":"PropertyValueSpecification","valueRequired":true,"valueName":"search_term_string"}}],"inLanguage":"de"},{"@type":"Organization","@id":"https:\/\/veraenderungsarchitekt.de\/coaching-mediation-beratung-berlin\/#organization","name":"Marcel Weber - Ver\u00e4nderungsarchitekt","url":"https:\/\/veraenderungsarchitekt.de\/coaching-mediation-beratung-berlin\/","logo":{"@type":"ImageObject","inLanguage":"de","@id":"https:\/\/veraenderungsarchitekt.de\/coaching-mediation-beratung-berlin\/#\/schema\/logo\/image\/","url":"https:\/\/veraenderungsarchitekt.de\/wp-content\/uploads\/2025\/09\/logo_web.avif","contentUrl":"https:\/\/veraenderungsarchitekt.de\/wp-content\/uploads\/2025\/09\/logo_web.avif","width":512,"height":512,"caption":"Marcel Weber - Ver\u00e4nderungsarchitekt"},"image":{"@id":"https:\/\/veraenderungsarchitekt.de\/coaching-mediation-beratung-berlin\/#\/schema\/logo\/image\/"},"sameAs":["https:\/\/www.linkedin.com\/in\/marcel-weber-berlin\/","https:\/\/www.instagram.com\/veraenderungsarchitekt\/","https:\/\/www.tiktok.com\/@veraenderungsarchitekt"]},{"@type":"Person","@id":"https:\/\/veraenderungsarchitekt.de\/coaching-mediation-beratung-berlin\/#\/schema\/person\/3367fb4e0d598e5715b0925c66cfb0ed","name":"marcel.weber","image":{"@type":"ImageObject","inLanguage":"de","@id":"https:\/\/secure.gravatar.com\/avatar\/a78c98f518cea7ebc4731edfc9b0a20fd2be987e7deb3ad5a5b387fe96d8a4e7?s=96&d=mm&r=g","url":"https:\/\/secure.gravatar.com\/avatar\/a78c98f518cea7ebc4731edfc9b0a20fd2be987e7deb3ad5a5b387fe96d8a4e7?s=96&d=mm&r=g","contentUrl":"https:\/\/secure.gravatar.com\/avatar\/a78c98f518cea7ebc4731edfc9b0a20fd2be987e7deb3ad5a5b387fe96d8a4e7?s=96&d=mm&r=g","caption":"marcel.weber"},"sameAs":["https:\/\/veraenderungsarchitekt.de"],"url":"https:\/\/veraenderungsarchitekt.de\/coaching-mediation-beratung-berlin\/author\/marcel-weber\/"}]}},"_links":{"self":[{"href":"https:\/\/veraenderungsarchitekt.de\/coaching-mediation-beratung-berlin\/wp-json\/wp\/v2\/posts\/762","targetHints":{"allow":["GET"]}}],"collection":[{"href":"https:\/\/veraenderungsarchitekt.de\/coaching-mediation-beratung-berlin\/wp-json\/wp\/v2\/posts"}],"about":[{"href":"https:\/\/veraenderungsarchitekt.de\/coaching-mediation-beratung-berlin\/wp-json\/wp\/v2\/types\/post"}],"author":[{"embeddable":true,"href":"https:\/\/veraenderungsarchitekt.de\/coaching-mediation-beratung-berlin\/wp-json\/wp\/v2\/users\/1"}],"replies":[{"embeddable":true,"href":"https:\/\/veraenderungsarchitekt.de\/coaching-mediation-beratung-berlin\/wp-json\/wp\/v2\/comments?post=762"}],"version-history":[{"count":3,"href":"https:\/\/veraenderungsarchitekt.de\/coaching-mediation-beratung-berlin\/wp-json\/wp\/v2\/posts\/762\/revisions"}],"predecessor-version":[{"id":767,"href":"https:\/\/veraenderungsarchitekt.de\/coaching-mediation-beratung-berlin\/wp-json\/wp\/v2\/posts\/762\/revisions\/767"}],"wp:featuredmedia":[{"embeddable":true,"href":"https:\/\/veraenderungsarchitekt.de\/coaching-mediation-beratung-berlin\/wp-json\/wp\/v2\/media\/764"}],"wp:attachment":[{"href":"https:\/\/veraenderungsarchitekt.de\/coaching-mediation-beratung-berlin\/wp-json\/wp\/v2\/media?parent=762"}],"wp:term":[{"taxonomy":"category","embeddable":true,"href":"https:\/\/veraenderungsarchitekt.de\/coaching-mediation-beratung-berlin\/wp-json\/wp\/v2\/categories?post=762"},{"taxonomy":"post_tag","embeddable":true,"href":"https:\/\/veraenderungsarchitekt.de\/coaching-mediation-beratung-berlin\/wp-json\/wp\/v2\/tags?post=762"}],"curies":[{"name":"wp","href":"https:\/\/api.w.org\/{rel}","templated":true}]}}